{"id":171,"__str__":"Avulso - Avalia\u00e7\u00e3o do Im\u00f3vel de 16/05/2018 por EXECUTIVO","link_detail_backend":"/materia/documentoacessorio/171","metadata":{},"nome":"Avalia\u00e7\u00e3o do Im\u00f3vel","data":"2018-05-16","autor":"EXECUTIVO","ementa":"AVALIA\u00c7\u00c3O DO REFERIDO IM\u00d3VEL","indexacao":"","arquivo":"http://sapl.matiasbarbosa.mg.leg.br/media/sapl/public/documentoacessorio/2018/171/171.pdf","data_ultima_atualizacao":"2018-08-14T14:17:09.477266-03:00","materia":1186,"tipo":3}