{"id":1876,"__str__":"Parecer - PARECER DA CLJR PR N\u00ba.16/2018 de 26/02/2019 por ","link_detail_backend":"/materia/documentoacessorio/1876","metadata":{},"nome":"PARECER DA CLJR PR N\u00ba.16/2018","data":"2019-02-26","autor":"","ementa":"PARECER DA CLJR NA PROPOSI\u00c7\u00c3O DE RESOLU\u00c7\u00c3O N\u00ba.16/2018","indexacao":"","arquivo":"http://sapl.matiasbarbosa.mg.leg.br/media/sapl/public/documentoacessorio/2018/1876/parecer_da_cljr_pr_no.16.2018.pdf","data_ultima_atualizacao":"2021-05-26T15:02:15.262875-03:00","materia":2736,"tipo":1}