{"id":4532,"__str__":"Parecer - 9 - PR 09.22 - ATA+PARECER RED FINAL CLJR de 09/08/2022 por COMISS\u00c3O DE LEGISLA\u00c7\u00c3O, JUSTI\u00c7A E REDA\u00c7\u00c3O","link_detail_backend":"/materia/documentoacessorio/4532","metadata":{},"nome":"9 - PR 09.22 - ATA+PARECER RED FINAL CLJR","data":"2022-08-09","autor":"COMISS\u00c3O DE LEGISLA\u00c7\u00c3O, JUSTI\u00c7A E REDA\u00c7\u00c3O","ementa":"ATA E PARECER DE RED FINAL DA CLJR","indexacao":"","arquivo":"http://sapl.matiasbarbosa.mg.leg.br/media/sapl/public/documentoacessorio/2022/4532/pr_09.22_-_ataparecer_red_final_cljr.pdf","data_ultima_atualizacao":"2022-08-17T14:25:54.313991-03:00","materia":4222,"tipo":1}