{"id":6024,"__str__":"Parecer - 5 - ATA + PARECER DA CLJR de 14/02/2025 por COMISS\u00c3O DE LEGISLA\u00c7\u00c3O, JUSTI\u00c7A E REDA\u00c7\u00c3O","link_detail_backend":"/materia/documentoacessorio/6024","metadata":{},"nome":"5 - ATA + PARECER DA CLJR","data":"2025-02-14","autor":"COMISS\u00c3O DE LEGISLA\u00c7\u00c3O, JUSTI\u00c7A E REDA\u00c7\u00c3O","ementa":"ATA E PARECER DA CLJR.","indexacao":"","arquivo":"http://sapl.matiasbarbosa.mg.leg.br/media/sapl/public/documentoacessorio/2025/6024/plc_02.25_-_ata__parecer_da_cljr.pdf","data_ultima_atualizacao":"2025-03-12T15:11:06.741862-03:00","materia":6131,"tipo":1}