{"id":6089,"__str__":"Parecer - 14 - ATA PARECER DA CLJR VETO de 21/03/2025 por COMISS\u00c3O DE LEGISLA\u00c7\u00c3O, JUSTI\u00c7A E REDA\u00c7\u00c3O","link_detail_backend":"/materia/documentoacessorio/6089","metadata":{},"nome":"14 - ATA PARECER DA CLJR VETO","data":"2025-03-21","autor":"COMISS\u00c3O DE LEGISLA\u00c7\u00c3O, JUSTI\u00c7A E REDA\u00c7\u00c3O","ementa":"ATA E PARECER DA CLJR SOBRE O VETO.","indexacao":"","arquivo":"http://sapl.matiasbarbosa.mg.leg.br/media/sapl/public/documentoacessorio/2023/6089/pl_36.23_-_ata_parecer_cljr_veto.pdf","data_ultima_atualizacao":"2025-03-28T10:22:51.611644-03:00","materia":5158,"tipo":1}