{"id":6094,"__str__":"Parecer - 13 - ATA+PARECER DA CLJR VETO de 21/03/2025 por COMISS\u00c3O DE LEGISLA\u00c7\u00c3O, JUSTI\u00c7A E REDA\u00c7\u00c3O","link_detail_backend":"/materia/documentoacessorio/6094","metadata":{},"nome":"13 - ATA+PARECER DA CLJR VETO","data":"2025-03-21","autor":"COMISS\u00c3O DE LEGISLA\u00c7\u00c3O, JUSTI\u00c7A E REDA\u00c7\u00c3O","ementa":"ATA E PARECER DA CLJR SOBRE O VETO.","indexacao":"","arquivo":"http://sapl.matiasbarbosa.mg.leg.br/media/sapl/public/documentoacessorio/2024/6094/pl_28.24_-_ata_parecer_cljr_veto.pdf","data_ultima_atualizacao":"2025-03-28T16:10:50.996471-03:00","materia":5753,"tipo":1}