{"id":1930,"__str__":"Indica\u00e7\u00e3o n\u00ba 19 de 2020","link_detail_backend":"/materia/1930","metadata":{},"numero":19,"ano":2020,"numero_protocolo":null,"data_apresentacao":"2020-02-03","tipo_apresentacao":"E","data_publicacao":"2020-02-03","numero_origem_externa":"","ano_origem_externa":null,"data_origem_externa":null,"apelido":"","dias_prazo":null,"data_fim_prazo":null,"em_tramitacao":false,"polemica":null,"objeto":"","complementar":false,"ementa":"INSTALA\u00c7\u00c3O DO ESPA\u00c7O DO ANTIGO PR\u00c9DIO DA CEMIG PARA O CENTRO MUNICIPAL DE ATEN\u00c7\u00c3O PSICOSSOCIAL (CEMAP).","indexacao":"","observacao":"","resultado":"","texto_original":"http://sapl.matiasbarbosa.mg.leg.br/media/sapl/public/materialegislativa/2020/1930/indicacao_no19.20_-_joao.edite.alencar.otavio.jose_carlos_-_instalacao_do_espaco_do_antigo_predio_da_cemig_para_cemap.retirado.doc","data_ultima_atualizacao":"2020-02-11T09:08:02.572717-03:00","ip":"189.48.99.106","ultima_edicao":null,"tipo":8,"regime_tramitacao":1,"tipo_origem_externa":null,"local_origem_externa":null,"user":35,"anexadas":[],"autores":[20]}