{"id":8048,"__str__":"Requerimento n\u00ba 6 de 2026","link_detail_backend":"/materia/8048","metadata":{},"numero":6,"ano":2026,"numero_protocolo":null,"data_apresentacao":"2026-03-09","tipo_apresentacao":"E","data_publicacao":null,"numero_origem_externa":"","ano_origem_externa":null,"data_origem_externa":null,"apelido":"","dias_prazo":null,"data_fim_prazo":null,"em_tramitacao":true,"polemica":false,"objeto":"","complementar":false,"ementa":"Reuni\u00e3o administrativa, em car\u00e1ter de urg\u00eancia, com o Chefe do Poder Executivo Municipal, representantes do Poder Legislativo, comiss\u00e3o de moradores e comerciantes, para tratar das inunda\u00e7\u00f5es ocorridas recentemente no munic\u00edpio e das medidas de apoio e preven\u00e7\u00e3o a serem adotadas","indexacao":"","observacao":"","resultado":"","texto_original":"http://sapl.matiasbarbosa.mg.leg.br/media/sapl/public/materialegislativa/2026/8048/requerimento_no_06.26.pdf","data_ultima_atualizacao":"2026-03-20T11:51:07.616806-03:00","ip":"131.196.135.242","ultima_edicao":"2026-03-20T11:51:07.468840-03:00","tipo":3,"regime_tramitacao":1,"tipo_origem_externa":null,"local_origem_externa":null,"user":54,"anexadas":[],"autores":[39,29,41,33,40,32,38,31,11]}