{"id":1348,"__str__":"Lei n\u00ba 1.420, de 01 de setembro de 2018","link_detail_backend":"/norma/1348","metadata":{},"texto_integral":"http://sapl.matiasbarbosa.mg.leg.br/media/sapl/public/normajuridica/2018/1348/lei_n.o_1420_de_01_de_setembro_de_2018._institui_a_semana_de_prevencao_a_deficiencia_visual_e_a_cegueira_no_municipio_de_matias_barbosa_e_da_outras_providencias..pdf","numero":"1420","ano":2018,"esfera_federacao":"M","data":"2018-09-01","data_publicacao":null,"veiculo_publicacao":"","pagina_inicio_publicacao":null,"pagina_fim_publicacao":null,"ementa":"INSTITUI A SEMANA DE PREVEN\u00c7\u00c3O \u00c0 DEFICI\u00caNCIA VISUAL E \u00c0 CEGUEIRA NO MUNIC\u00cdPIO DE MATIAS BARBOSA E D\u00c1 OUTRAS PROVID\u00caNCIAS.","indexacao":"","observacao":"","complemento":false,"data_vigencia":null,"timestamp":"2021-09-03T10:50:35.113969-03:00","data_ultima_atualizacao":"2021-09-03T10:50:35.114198-03:00","ip":"131.196.135.244","ultima_edicao":"2021-09-03T10:50:34.981617-03:00","tipo":1,"materia":804,"orgao":null,"user":40,"assuntos":[],"autores":[]}