{"id":1372,"__str__":"Resolu\u00e7\u00e3o n\u00ba 367, de 16 de agosto de 2017","link_detail_backend":"/norma/1372","metadata":{},"texto_integral":"http://sapl.matiasbarbosa.mg.leg.br/media/sapl/public/normajuridica/2017/1372/resolucao_no.367_-_institui_a_semana_da_conscientizacao_sobre_a_sindrome_de_down_o_transtorno_do_espectro_autista_e_outras_sindromes_e_transtornos_no_ambito_do_poder_legislativ.pdf","numero":"367","ano":2017,"esfera_federacao":"M","data":"2017-08-16","data_publicacao":"2017-08-16","veiculo_publicacao":"","pagina_inicio_publicacao":null,"pagina_fim_publicacao":null,"ementa":"INSTITUI A &#8220;SEMANA DA CONSCIENTIZA\u00c7\u00c3O SOBRE A S\u00cdNDROME DE DOWN, O TRANSTORNO DO ESPECTRO AUTISTA E OUTRAS S\u00cdNDROMES E TRANSTORNOS&#8221; NO \u00c2MBITO DO PODER LEGISLATIVO MUNICIPAL","indexacao":"","observacao":"","complemento":false,"data_vigencia":null,"timestamp":"2021-09-03T12:38:25.460618-03:00","data_ultima_atualizacao":"2021-09-03T12:38:25.460866-03:00","ip":"131.196.135.244","ultima_edicao":"2021-09-03T12:38:25.343939-03:00","tipo":3,"materia":548,"orgao":null,"user":40,"assuntos":[],"autores":[]}